{"id":203,"date":"2017-12-15T23:37:30","date_gmt":"2017-12-15T22:37:30","guid":{"rendered":"http:\/\/comondabuena.org\/?p=203"},"modified":"2018-01-14T21:43:42","modified_gmt":"2018-01-14T20:43:42","slug":"pate-de-fua","status":"publish","type":"post","link":"https:\/\/comondabuena.org\/?p=203","title":{"rendered":"Pat\u00e9 de Fu\u00e0"},"content":{"rendered":"<h1>Pat\u00e9 de Fu\u00e0<\/h1>\n<p>&nbsp;<\/p>\n<p><img data-recalc-dims=\"1\" loading=\"lazy\" decoding=\"async\" data-attachment-id=\"317\" data-permalink=\"https:\/\/comondabuena.org\/?attachment_id=317\" data-orig-file=\"https:\/\/i0.wp.com\/comondabuena.org\/wp-content\/uploads\/2017\/12\/bonapetit-cover-album-pate-de-fua.png?fit=190%2C174&amp;ssl=1\" data-orig-size=\"190,174\" data-comments-opened=\"0\" data-image-meta=\"{&quot;aperture&quot;:&quot;0&quot;,&quot;credit&quot;:&quot;&quot;,&quot;camera&quot;:&quot;&quot;,&quot;caption&quot;:&quot;&quot;,&quot;created_timestamp&quot;:&quot;0&quot;,&quot;copyright&quot;:&quot;&quot;,&quot;focal_length&quot;:&quot;0&quot;,&quot;iso&quot;:&quot;0&quot;,&quot;shutter_speed&quot;:&quot;0&quot;,&quot;title&quot;:&quot;&quot;,&quot;orientation&quot;:&quot;0&quot;}\" data-image-title=\"bonapetit-cover album pate de fua\" data-image-description=\"\" data-image-caption=\"\" data-medium-file=\"https:\/\/i0.wp.com\/comondabuena.org\/wp-content\/uploads\/2017\/12\/bonapetit-cover-album-pate-de-fua.png?fit=190%2C174&amp;ssl=1\" data-large-file=\"https:\/\/i0.wp.com\/comondabuena.org\/wp-content\/uploads\/2017\/12\/bonapetit-cover-album-pate-de-fua.png?fit=190%2C174&amp;ssl=1\" class=\"alignnone  wp-image-317\" src=\"https:\/\/i0.wp.com\/comondabuena.org\/wp-content\/uploads\/2017\/12\/bonapetit-cover-album-pate-de-fua.png?resize=257%2C235\" alt=\"\" width=\"257\" height=\"235\" \/><\/p>\n<p>&nbsp;<\/p>\n<p>C\u2019est actuellement le groupe phare de la sc\u00e8ne musicale <strong>Mexicaine\u00a0<\/strong>!<\/p>\n<p align=\"justified\">Cr\u00e9\u00e9 en 2006 par \u00a0<strong>Yayo Gonzalez<\/strong>\u00a0 &#8211; guitare\/chant &#8211; et <strong>Guillermo Perata<\/strong> &#8211; cornet, Banjo\u2026 &#8211; musiciens argentins, lesquels, fuyant la grosse crise \u00e9conomique qui frappe leur pays en 2001, d\u00e9barquent au Mexique.<\/p>\n<p style=\"text-align: justify;\">Tr\u00e8s rapidement, ils y rencontrent leurs comp\u00e8res mexicains\u00a0:<strong>Jorge Luri Molina\u00a0 <\/strong>&#8211; contrebasse- ,\u00a0 <strong>Alexis Ruiz<\/strong> &#8211; vibraphone et marimba\u00a0 &#8211; <strong>Victor Madariaga<\/strong>\u00a0 &#8211; accord\u00e9on &#8211; <strong>Dan Mazor<\/strong> e n Sax, \u00a0<strong>Demi\u00e1n Cantilo<\/strong> &#8211; batterie.<\/p>\n<p>Ils proposent un r\u00e9pertoire dixieland, Jazz, Tango, pasodoble et autre musette, qui plait imm\u00e9diatement. Les concerts de <strong>Pat\u00e9 de fu\u00e0<\/strong> &#8211; \u00a0\u00a0<a href=\"http:\/\/patedefua.com\/\">http:\/\/patedefua.com\/<\/a> &#8211; sont toujours une f\u00eate et leur passion musicale communicative.<\/p>\n<p style=\"text-align: justify;\">Plus de 90\u00a0000 copies vendues de leurs disques \u00ab\u00a0<strong><em>musica moderna<\/em><\/strong>\u00a0\u00bb,\u00a0 \u00ab\u00a0<strong><em>El tren de alegria\u00a0\u00bb<\/em><\/strong>,<strong>\u00a0\u00bb boquita pintada\u00a0\u00bb<\/strong>, des prix d\u00e9cern\u00e9s &#8211; Kennedy art of Chicago, Music Awards du meilleur groupe \u00ab\u00a0ind\u00e9 \u00bb ou leur pr\u00e9sence au festival \u2018Vive latino &#8211; conf\u00e8rent \u00e0 \u00ab\u00a0Pat\u00e9 de fu\u00e0\u00a0\u00bb le titre du groupe le plus repr\u00e9sentatif de la sc\u00e8ne actuelle mexicaine.<\/p>\n<p>Une compilation au titre prometteur, <strong>\u00ab\u00a0Bon app\u00e9tit\u00a0\u00bb,<\/strong> et disponible sur le march\u00e9 europ\u00e9en \u2026voil\u00e0 les gar\u00e7ons pr\u00eats \u00e0 poser le pied en France !<\/p>\n<div>\n<p>Ci-dessous, quelques vid\u00e9os pour mieux appr\u00e9cier cette formation \u00a0d\u2019excellents musiciens \u00e0 la technique cisel\u00e9e, mise au service de rythmes traditionnels subtilement revisit\u00e9s.<br \/>\nUne musique organique et contemporaine\u00a0!<\/p>\n<p>&nbsp;<\/p>\n<p style=\"text-align: center;\"><strong>Pate de Fua en show-case \u00e0 Paris <\/strong>(Image Miguel E. Martinez Colin)<strong> :<\/strong><strong><br \/>\n<\/strong><\/p>\n<p><iframe loading=\"lazy\" title=\"PATE\u0301 DE FU\u00c1 en Par\u00eds\" width=\"640\" height=\"360\" src=\"https:\/\/www.youtube.com\/embed\/iSPHLAEE5Ao?feature=oembed\" frameborder=\"0\" allow=\"accelerometer; autoplay; clipboard-write; encrypted-media; gyroscope; picture-in-picture; web-share\" referrerpolicy=\"strict-origin-when-cross-origin\" allowfullscreen><\/iframe><\/p>\n<p>&nbsp;<\/p>\n<p style=\"text-align: center;\"><strong>Voir le teaser :<\/strong><\/p>\n<p><iframe loading=\"lazy\" title=\"Pat\u00e9 de fu\u00e0 - Teaser France (v2)\" width=\"640\" height=\"360\" src=\"https:\/\/www.youtube.com\/embed\/-NoLcqSWz78?feature=oembed\" frameborder=\"0\" allow=\"accelerometer; autoplay; clipboard-write; encrypted-media; gyroscope; picture-in-picture; web-share\" referrerpolicy=\"strict-origin-when-cross-origin\" allowfullscreen><\/iframe><\/p>\n<p>&nbsp;<\/p>\n<p style=\"text-align: center;\"><strong>Voir la derni\u00e8re vid\u00e9o : PATE DE FUA \u00ab\u00a0Mujer que te peinas\u00a0\u00bb<\/strong><\/p>\n<p><iframe loading=\"lazy\" title=\"Pat\u00e9 de Fu\u00e1 - &quot;Mujer que te peinas&quot;\" width=\"640\" height=\"360\" src=\"https:\/\/www.youtube.com\/embed\/MF879ZKg_Cc?feature=oembed\" frameborder=\"0\" allow=\"accelerometer; autoplay; clipboard-write; encrypted-media; gyroscope; picture-in-picture; web-share\" referrerpolicy=\"strict-origin-when-cross-origin\" allowfullscreen><\/iframe><\/p>\n<p>&nbsp;<\/p>\n<p style=\"text-align: center;\"><strong>PATE DE FUA sur le plateau \u00ab SesioneS \u00bb, d&rsquo;Alejandro Franco.<br \/>\n<\/strong>Pate de Fua invit\u00e9 de Alejandro Franco, l&rsquo;\u00e9mission musicale de r\u00e9f\u00e9rence sur la TV Mexicaine, \u00ab SesioneS \u00bb (<em>sous titrage Fran\u00e7ais<\/em>) :<\/p>\n<p><iframe loading=\"lazy\" title=\"PATE DE FUA  sur le plateau \u00ab SesioneS \u00bb, d&#039;Alejandro Franco.\" width=\"640\" height=\"360\" src=\"https:\/\/www.youtube.com\/embed\/DUWg8wCwNMM?feature=oembed\" frameborder=\"0\" allow=\"accelerometer; autoplay; clipboard-write; encrypted-media; gyroscope; picture-in-picture; web-share\" referrerpolicy=\"strict-origin-when-cross-origin\" allowfullscreen><\/iframe><\/p>\n<pre style=\"text-align: center;\">Contact sc\u00e8ne:\r\n Jean My Cochois - <a href=\"mailto:jeanmy@comondabuena.org\">jeanmy@comondabuena.org<\/a>\r\n\r\n<\/pre>\n<\/div>\n","protected":false},"excerpt":{"rendered":"<p>Pat\u00e9 de Fu\u00e0 &nbsp; &nbsp; C\u2019est actuellement le groupe phare de la sc\u00e8ne musicale Mexicaine\u00a0! Cr\u00e9\u00e9 en 2006 par \u00a0Yayo Gonzalez\u00a0 &#8211; guitare\/chant &#8211; et Guillermo Perata &#8211; cornet, Banjo\u2026 &#8211; musiciens argentins, lesquels, fuyant la grosse crise \u00e9conomique qui frappe leur pays en 2001, d\u00e9barquent au Mexique. Tr\u00e8s rapidement, ils y rencontrent leurs comp\u00e8res [&hellip;]<\/p>\n","protected":false},"author":1,"featured_media":318,"comment_status":"open","ping_status":"open","sticky":false,"template":"","format":"standard","meta":{"jetpack_post_was_ever_published":false,"_jetpack_newsletter_access":"","_jetpack_dont_email_post_to_subs":false,"_jetpack_newsletter_tier_id":0,"_jetpack_memberships_contains_paywalled_content":false,"_jetpack_memberships_contains_paid_content":false,"footnotes":"","jetpack_publicize_message":"","jetpack_publicize_feature_enabled":true,"jetpack_social_post_already_shared":true,"jetpack_social_options":{"image_generator_settings":{"template":"highway","enabled":false},"version":2}},"categories":[10],"tags":[],"jetpack_publicize_connections":[],"jetpack_featured_media_url":"https:\/\/i0.wp.com\/comondabuena.org\/wp-content\/uploads\/2017\/12\/01.png?fit=150%2C115&ssl=1","jetpack_sharing_enabled":true,"jetpack_shortlink":"https:\/\/wp.me\/p9tkyt-3h","jetpack_likes_enabled":true,"jetpack-related-posts":[],"_links":{"self":[{"href":"https:\/\/comondabuena.org\/index.php?rest_route=\/wp\/v2\/posts\/203"}],"collection":[{"href":"https:\/\/comondabuena.org\/index.php?rest_route=\/wp\/v2\/posts"}],"about":[{"href":"https:\/\/comondabuena.org\/index.php?rest_route=\/wp\/v2\/types\/post"}],"author":[{"embeddable":true,"href":"https:\/\/comondabuena.org\/index.php?rest_route=\/wp\/v2\/users\/1"}],"replies":[{"embeddable":true,"href":"https:\/\/comondabuena.org\/index.php?rest_route=%2Fwp%2Fv2%2Fcomments&post=203"}],"version-history":[{"count":9,"href":"https:\/\/comondabuena.org\/index.php?rest_route=\/wp\/v2\/posts\/203\/revisions"}],"predecessor-version":[{"id":319,"href":"https:\/\/comondabuena.org\/index.php?rest_route=\/wp\/v2\/posts\/203\/revisions\/319"}],"wp:featuredmedia":[{"embeddable":true,"href":"https:\/\/comondabuena.org\/index.php?rest_route=\/wp\/v2\/media\/318"}],"wp:attachment":[{"href":"https:\/\/comondabuena.org\/index.php?rest_route=%2Fwp%2Fv2%2Fmedia&parent=203"}],"wp:term":[{"taxonomy":"category","embeddable":true,"href":"https:\/\/comondabuena.org\/index.php?rest_route=%2Fwp%2Fv2%2Fcategories&post=203"},{"taxonomy":"post_tag","embeddable":true,"href":"https:\/\/comondabuena.org\/index.php?rest_route=%2Fwp%2Fv2%2Ftags&post=203"}],"curies":[{"name":"wp","href":"https:\/\/api.w.org\/{rel}","templated":true}]}}