{"id":325,"date":"2018-01-14T22:02:40","date_gmt":"2018-01-14T21:02:40","guid":{"rendered":"http:\/\/comondabuena.org\/?p=325"},"modified":"2024-03-18T14:50:10","modified_gmt":"2024-03-18T13:50:10","slug":"roberto-roena","status":"publish","type":"post","link":"https:\/\/comondabuena.org\/?p=325","title":{"rendered":"KARLA LAZO"},"content":{"rendered":"<h1>Karla Lazlo<\/h1>\n<p><img loading=\"lazy\" decoding=\"async\" class=\"aligncenter\" src=\"https:\/\/i0.wp.com\/comondabuena.org\/wp-content\/uploads\/2022\/10\/IMG_2266.jpg?fit=640%2C961\" width=\"573\" height=\"860\" \/><\/p>\n<p>Karla Lazo est une autrice-compositrice-interpr\u00e8te,<br \/>\nproductrice et com\u00e9dienne, originaire du Mexique<br \/>\net r\u00e9sidant \u00e0 Paris. Au Mexique, elle \u00e9tudie dans de<br \/>\nprestigieuses \u00e9coles de musique et de th\u00e9\u00e2tre, int\u00e8gre<br \/>\ndes productions d\u2019op\u00e9ras et obtient des r\u00f4les<br \/>\nprincipaux dans des com\u00e9dies musicales (Le Fant\u00f4me<br \/>\nde l\u2019Op\u00e9ra, Cats\u2026). En France depuis 2009, elle<br \/>\npoursuit son apprentissage au Conservatoire de<br \/>\nMusique et \u00e0 l\u2019Universit\u00e9 de la Sorbonne (Paris). Ses<br \/>\ninfluences vari\u00e9es, \u00e0 la fois musicales et culturelles,<br \/>\nl\u2019am\u00e8nent \u00e0 proposer et croiser diff\u00e9rents styles,<br \/>\ndepuis l\u2019op\u00e9ra (Soprano de formation) \u00e0 la musique<br \/>\nactuelle et traditionnelle, latino-am\u00e9ricaine et<br \/>\nfran\u00e7aise. Ainsi, elle participe \u00e0 d\u2019importants<br \/>\n\u00e9v\u00e9nements, comme les 850 ans de la Cath\u00e9drale<br \/>\nNotre Dame de Paris, en tant que soliste, ou encore la<br \/>\nr\u00e9-inauguration du Th\u00e9\u00e2tre de Ch\u00e2telet, en tant que<br \/>\ncom\u00e9dienne ; dirige plusieurs productions de<br \/>\nspectacles, dont l\u2019op\u00e9ra mexicain contemporain pour<br \/>\njeune public Le Lapin et le Coyote qu\u2019elle pr\u00e9sente \u00e0<br \/>\nVersailles et \u00e0 Paris en 2019 ; et se produit en tant<br \/>\nqu\u2019artiste solo sur diff\u00e9rentes sc\u00e8nes et th\u00e9\u00e2tres, \u00e0<br \/>\ntravers le Mexique et l\u2019Europe. Avec un style latino<br \/>\nbien \u00e0 elle et dot\u00e9 d\u2019une certaine French touch, Karla<br \/>\nest tr\u00e8s vite rep\u00e9r\u00e9e par de c\u00e9l\u00e8bres artistes latinoam\u00e9ricains qui l\u2019invitent sur des duos ou des chansons<br \/>\nen collectif.<\/p>\n<p style=\"text-align: left;\">En 2020, des institutions culturelles du<br \/>\nMexique la choisissent pour \u00eatre la soliste des<br \/>\nhommages internationaux aux compositeurs Cuco<br \/>\nS\u00e1nchez, Roberto Cantoral et Francisco Gabilondo<br \/>\nSoler, trois grandes figures du patrimoine musical<br \/>\nmexicain. Actuellement, l\u2019artiste participe comme<br \/>\nactrice et chanteuse dans le cin\u00e9ma fran\u00e7ais et dans<br \/>\ndes collaborations avec des grandes figures de la<br \/>\nmusique internationale. Elle travaille \u00e9galement sur un<br \/>\nprojet personnel d\u2019album de chansons in\u00e9dites, bas\u00e9es<br \/>\nsur des rythmes traditionnels latino-am\u00e9ricains<\/p>\n<p align=\"justify\">\n<p><iframe loading=\"lazy\" title=\"La Foule d&#039;Edith Piaf (Que Nadie Sepa Mi Sufrir) - Karla Lazo ft Sonora Dinamita\" width=\"640\" height=\"360\" src=\"https:\/\/www.youtube.com\/embed\/YQED39MTnGY?feature=oembed\" frameborder=\"0\" allow=\"accelerometer; autoplay; clipboard-write; encrypted-media; gyroscope; picture-in-picture; web-share\" referrerpolicy=\"strict-origin-when-cross-origin\" allowfullscreen><\/iframe><\/p>\n<pre><a href=\"https:\/\/youtu.be\/1VqVoXupqsc\">https:\/\/youtu.be\/1VqVoXupqsc<\/a>\n\n\n\n\n\n\nContact sc\u00e8ne: \n Jean My Cochois - <a href=\"mailto:jeanmy@comondabuena.org\">jeanmy@comondabuena.org<\/a><\/pre>\n","protected":false},"excerpt":{"rendered":"<p>Karla Lazlo Karla Lazo est une autrice-compositrice-interpr\u00e8te, productrice et com\u00e9dienne, originaire du Mexique et r\u00e9sidant \u00e0 Paris. Au Mexique, elle \u00e9tudie dans de prestigieuses \u00e9coles de musique et de th\u00e9\u00e2tre, int\u00e8gre des productions d\u2019op\u00e9ras et obtient des r\u00f4les principaux dans des com\u00e9dies musicales (Le Fant\u00f4me de l\u2019Op\u00e9ra, Cats\u2026). En France depuis 2009, elle poursuit son [&hellip;]<\/p>\n","protected":false},"author":1,"featured_media":1257,"comment_status":"closed","ping_status":"open","sticky":false,"template":"","format":"standard","meta":{"jetpack_post_was_ever_published":false,"_jetpack_newsletter_access":"","_jetpack_dont_email_post_to_subs":false,"_jetpack_newsletter_tier_id":0,"_jetpack_memberships_contains_paywalled_content":false,"_jetpack_memberships_contains_paid_content":false,"footnotes":"","jetpack_publicize_message":"","jetpack_publicize_feature_enabled":true,"jetpack_social_post_already_shared":true,"jetpack_social_options":{"image_generator_settings":{"template":"highway","enabled":false},"version":2}},"categories":[10],"tags":[84,80,81,82,79,83],"jetpack_publicize_connections":[],"jetpack_featured_media_url":"https:\/\/i0.wp.com\/comondabuena.org\/wp-content\/uploads\/2022\/10\/IMG_2266.jpg?fit=1066%2C1600&ssl=1","jetpack_sharing_enabled":true,"jetpack_shortlink":"https:\/\/wp.me\/p9tkyt-5f","jetpack_likes_enabled":true,"jetpack-related-posts":[],"_links":{"self":[{"href":"https:\/\/comondabuena.org\/index.php?rest_route=\/wp\/v2\/posts\/325"}],"collection":[{"href":"https:\/\/comondabuena.org\/index.php?rest_route=\/wp\/v2\/posts"}],"about":[{"href":"https:\/\/comondabuena.org\/index.php?rest_route=\/wp\/v2\/types\/post"}],"author":[{"embeddable":true,"href":"https:\/\/comondabuena.org\/index.php?rest_route=\/wp\/v2\/users\/1"}],"replies":[{"embeddable":true,"href":"https:\/\/comondabuena.org\/index.php?rest_route=%2Fwp%2Fv2%2Fcomments&post=325"}],"version-history":[{"count":11,"href":"https:\/\/comondabuena.org\/index.php?rest_route=\/wp\/v2\/posts\/325\/revisions"}],"predecessor-version":[{"id":1328,"href":"https:\/\/comondabuena.org\/index.php?rest_route=\/wp\/v2\/posts\/325\/revisions\/1328"}],"wp:featuredmedia":[{"embeddable":true,"href":"https:\/\/comondabuena.org\/index.php?rest_route=\/wp\/v2\/media\/1257"}],"wp:attachment":[{"href":"https:\/\/comondabuena.org\/index.php?rest_route=%2Fwp%2Fv2%2Fmedia&parent=325"}],"wp:term":[{"taxonomy":"category","embeddable":true,"href":"https:\/\/comondabuena.org\/index.php?rest_route=%2Fwp%2Fv2%2Fcategories&post=325"},{"taxonomy":"post_tag","embeddable":true,"href":"https:\/\/comondabuena.org\/index.php?rest_route=%2Fwp%2Fv2%2Ftags&post=325"}],"curies":[{"name":"wp","href":"https:\/\/api.w.org\/{rel}","templated":true}]}}